{"id":19181,"date":"2022-09-27T09:37:39","date_gmt":"2022-09-27T08:37:39","guid":{"rendered":"https:\/\/www.oliveradatenea.com\/els-imprescindibles-en-lalimentacio-de-tardor\/"},"modified":"2023-08-08T12:04:17","modified_gmt":"2023-08-08T12:04:17","slug":"els-imprescindibles-en-lalimentacio-de-tardor","status":"publish","type":"actualidad","link":"https:\/\/www.oliveradatenea.com\/ca\/actualidad\/els-imprescindibles-en-lalimentacio-de-tardor\/","title":{"rendered":"Els imprescindibles en l&#8217;alimentaci\u00f3 de tardor"},"content":{"rendered":"<p><!--more--><\/p>\n<h2 class=\"\\&quot;article-subtitle\\&quot;\">Aprofita les fruites i verdures de temporada per treure&#8217;n el m\u00e0xim partit<\/h2>\n<p>El canvi d&#8217;estaci\u00f3 comporta, a m\u00e9s d&#8217;un lleuger canvi en les temperatures, la tornada a la rutina i a les obligacions di\u00e0ries. Per tots aquests motius, \u00e9s b\u00e0sic per afrontar la tardor amb energia, <strong>prestar atenci\u00f3 a la nostra dieta<\/strong>. I \u00e9s que l&#8217;alimentaci\u00f3 \u00e9s clau, ja que si en tenim cura podrem tindrem l&#8217;energia necess\u00e0ria per fer front a les llargues jornades.<\/p>\n<p>En comparaci\u00f3 amb l&#8217;explosi\u00f3 de color i sabors que ens ofereixen els fruits d&#8217;estiu, els darrers mesos de l&#8217;any podem trobar un bon assortiment d&#8217;aliments imprescindibles que no poden faltar a la nostra llista de la compra. A m\u00e9s, has de tenir en compte que consumir productes de temporada i productes Km 0, fa que les seves propietats nutricionals es conservin m\u00e9s b\u00e9 i tinguin millor gust i millor textura.<\/p>\n<p>Aquesta \u00e9s la nostra petita llista d&#8217;<strong>aliments imprescindibles en l&#8217;alimentaci\u00f3 de la tardor<\/strong>:<\/p>\n<h4><strong>*Els bolets<\/strong><\/h4>\n<p>S\u00f3n els reis del bosc un cap comen\u00e7a el fred i m\u00e9s encara, si ha plogit durant l&#8217;estiu. Tenen poques calories, s\u00f3n saciants i, a m\u00e9s,\u00a0 s\u00f3n rics en minerals com el potassi,\u00a0 i en prote\u00efnes i vitamina C, D i B.<\/p>\n<p><strong>Tips<\/strong>: No netegis els bolets directament sota el raig d&#8217;aigua. \u00c9s millor rentar-los amb un drap humit o paper de cuina per eliminar-ne les restes de terra. Per conservar-los, s&#8217;ha de tenir cura de no guardar-los en bosses tancades de pl\u00e0stic totalment herm\u00e8tiques. Els bolets respiren, i tancats en un recipient sense ventilaci\u00f3, poden general subst\u00e0ncies nocives.<\/p>\n<h4><strong>*Els c\u00edtrics<\/strong><\/h4>\n<div class=\"\\&quot;\\&quot;\" data-type=\"\\&quot;ALineParagraphController\\&quot;\" data-rendering=\"\\&quot;Paragraph\\&quot;\" data-datasource=\"\\&quot;{5936AC71-2D1A-4ACB-A3D6-58F38664631A}\\&quot;\">\n<p>Aquestes &#8220;bombes&#8221; de vitamines s\u00f3n la fruita de la tardor per excel\u00b7l\u00e8ncia. La mandarina, la taronja o l&#8217;aranja, entre altres, s<strong>\u00f3n fruites molt riques en vitamina C<\/strong> i riques en fibra. Aquesta tardor no poden faltar els c\u00edtrics a la teva dieta.<\/p>\n<p><strong>Tips<\/strong>: Tingues les taronges allunyades d&#8217;altres fruites i verdures. No s&#8217;han de barrejar amb altres fruites ja que, un cop collides no maduren m\u00e9s. Una altra cosa a tenir en compte \u00e9s que si no s&#8217;han de consumir de forma immediata <strong>no s&#8217;han de rentar amb aigua<\/strong>, ja que la humitat accelera el proc\u00e9s de descomposici\u00f3.<\/p>\n<div class=\"\\&quot;wysiwyg\\&quot;\" data-selector=\"\\&quot;paragraph-content\\&quot;\">\n<h4><strong>*La carbassa<\/strong><\/h4>\n<p>Si una verdura \u00e9s t\u00edpica de la tardor, aquesta \u00e9s la carbassa. I m\u00e9s encara, pels volts de Tots Sants o la festivitat de Halloween. La carbassa \u00e9s molt rica en aigua i en fibra, motiu pel qual diem que \u00e9s saciant i hidratant. Tamb\u00e9 \u00e9s molt rica en carotens, un pigment vegetal que act\u00faa com a antioxidant.<\/p>\n<p><strong>Tips<\/strong>: La carbassa aguanta for\u00e7a temps (n&#8217;hi ha que que poden conservar-se fins a 6 mesos). Aix\u00f2 si, un cop es talla, aguanta m\u00e9s o menys una setmana a la nevera. Si la bulls, guarda el l\u00edquid de la cocci\u00f3 per a brous i sopes, ja que, com hem comentat anteriorment, aquest \u00e9s ric en vitamines i minerals.<\/p>\n<\/div>\n<div class=\"\\&quot;wysiwyg\\&quot;\" data-selector=\"\\&quot;paragraph-content\\&quot;\">\n<h4><strong>*El moniato<\/strong><\/h4>\n<p>El seu sabor \u00e9s <strong>dol\u00e7<\/strong> i la seva composici\u00f3 \u00e9s molt similar a la de la patata, tot i que t\u00e9 major<strong> contingut energ\u00e8tic.<\/strong> Destaca tamb\u00e9 per la seva riquesa en vitamines i minerals i \u00e9s un fruit molt ric en fibra i en antioxidants. El que potser no sabies \u00e9s que el moniato es una excel\u00b7lent font d&#8217;energia degut a que \u00e9s ric en hidrats de carboni.<\/p>\n<p><strong>Tips<\/strong>: Una de las maneres m\u00e9s tradicionals de cuinar-lo \u00e9s al forn. Tamb\u00e9 es pots utilitzar en elaboracions dolces com bunyols, cocs, flams&#8230;<\/p>\n<div class=\"\\&quot;slide-separator\\&quot;\">\n<h4><strong>*Els fruits secs<\/strong><\/h4>\n<\/div>\n<\/div>\n<\/div>\n<p>S\u00f3n aliments <strong>molt nutritius i energ\u00e8tics<\/strong>, un concentrat de prote\u00efnes, greixos i una bona dosi de vitamines, minerals i fibra. S\u00f3n molt aconsellables, per tots aquests motius, en la dieta diaria\u2026 per\u00f2 un grapat \u00e9s m\u00e9s que suficient.<\/p>\n<h4><strong>*Les castanyes<\/strong><\/h4>\n<p>A difer\u00e8ncia de la majoria dels fruits secs, la quantitat d\\&#8217;energia que ens aporta no \u00e9s molt elevat. Tenen un <strong>alt contingut en aigua<\/strong> i s\u00f3n font de vitamines i minerals.<\/p>\n<p><strong>Tips<\/strong>: \u00c9s t\u00edpic menjar-les cuites al foc, per\u00f2 tamb\u00e9 se&#8217;n poden preparar multitud de receptes: cremes, pur\u00e9s, conserves, pastissos&#8230; S\u00f3n una estupenda guarnici\u00f3 pels plats de ca\u00e7a. Fetes a la paella o al microones s\u00f3n un snack d&#8217;all\u00f2 m\u00e9s saludable.<\/p>\n<h4><strong>*Les figues<\/strong><\/h4>\n<p>A les primeres setmanes de tardor encara podem trobar figues. Tenen un valor cal\u00f2ric elevat per\u00f2 destaquen pel sel alt contingut en fibra, magnesi i calci. Aix\u00ed que, sense abusar-ne, menjar una o dos figues t&#8217;anir\u00e0 de meravella. Diuen que per la gran quantitat de llavors que t\u00e9, la figa \u00e9s s\u00edmbol de fe i saviesa; i la figuera simbolitza la fertilitat.<\/p>\n<p><strong>Tips<\/strong>: Les figues fresques s\u00f3n molt delicades i no agunaten m\u00e9s de 3 dies a la nevera. Pel que fa a les figues seques, tenen m\u00e9s propietats que les fresques i s\u00f3n un fant\u00e0stic snack.<\/p>\n<h4><strong>*La magrana<\/strong><\/h4>\n<p>La magrana es cultiva des de fa m\u00e9s de 5.000 anys; ja els babilonis creien que les magranes els feien invencibles; i els egipcis volien ser enterrats amb magranes. La magrana \u00e9s un fruit conegut perls seus incontables usos en la medicina tradicional d&#8217;aqu\u00ed que per a molts, sigui considerada un \u201cs\u00faper aliment\u201d per la seva riquesa en antioxidants, vitamines i minerals. Cont\u00e9 molts beneficis per la salut. A m\u00e9s, \u00e9s una fruita lleugera, digestiva i depurativa.<\/p>\n<p><strong>Tips<\/strong>: Els seus grans s\u00f3n perfectes per a amanides, ja que els aporta un toc molt <em>crunchy,\u00a0 <\/em>aix\u00ed com per postres i quisats. Quan les magranes estan madures tenen un color vermell intens amb zones grogues, mai verdes.<\/p>\n<h4><strong>*Verdures de fulla verda<\/strong><\/h4>\n<div class=\"\\&quot;\\&quot;\" data-type=\"\\&quot;ALineParagraphController\\&quot;\" data-rendering=\"\\&quot;Paragraph\\&quot;\" data-datasource=\"\\&quot;{5936AC71-2D1A-4ACB-A3D6-58F38664631A}\\&quot;\">\n<p>Ens referim a aliments com els <strong>espinacs, les bledes, l&#8217;enciam, cr\u00e9ixens o la r\u00facula, entre molts altres. <\/strong>Tot i que podem gaudir-ne tot l&#8217;any, la veritat \u00e9s que la majoria d&#8217;aquestes verdures estan en el seu seu millor moment qan les temperatures baixen. Son una molt bona font de <strong>vitamines, de fibra, antioxidants<\/strong>\u2026 A m\u00e9s tenen molt poques calories<strong>.<\/strong> De manera que, per tenir una alimentaci\u00f3 saludable, no dubtis en tenyir la teva dieta de color verd aquesta tardor.<\/p>\n<p><strong>I recorda&#8230; Sempre que sigui possible, aposta per productes de temporada!<\/strong><\/p>\n<\/div>\n","protected":false},"featured_media":27222,"template":"","meta":{"wprm-recipe-roundup-name":"","wprm-recipe-roundup-description":"","site-sidebar-layout":"default","site-content-layout":"","ast-site-content-layout":"default","site-content-style":"default","site-sidebar-style":"default","ast-global-header-display":"","ast-banner-title-visibility":"","ast-main-header-display":"","ast-hfb-above-header-display":"","ast-hfb-below-header-display":"","ast-hfb-mobile-header-display":"","site-post-title":"","ast-breadcrumbs-content":"","ast-featured-img":"disabled","footer-sml-layout":"","ast-disable-related-posts":"","theme-transparent-header-meta":"","adv-header-id-meta":"","stick-header-meta":"","header-above-stick-meta":"","header-main-stick-meta":"","header-below-stick-meta":"","astra-migrate-meta-layouts":"default","ast-page-background-enabled":"default","ast-page-background-meta":{"desktop":{"background-color":"","background-image":"","background-repeat":"repeat","background-position":"center center","background-size":"auto","background-attachment":"scroll","background-type":"","background-media":"","overlay-type":"","overlay-color":"","overlay-opacity":"","overlay-gradient":""},"tablet":{"background-color":"","background-image":"","background-repeat":"repeat","background-position":"center center","background-size":"auto","background-attachment":"scroll","background-type":"","background-media":"","overlay-type":"","overlay-color":"","overlay-opacity":"","overlay-gradient":""},"mobile":{"background-color":"","background-image":"","background-repeat":"repeat","background-position":"center center","background-size":"auto","background-attachment":"scroll","background-type":"","background-media":"","overlay-type":"","overlay-color":"","overlay-opacity":"","overlay-gradient":""}},"ast-content-background-meta":{"desktop":{"background-color":"var(--ast-global-color-5)","background-image":"","background-repeat":"repeat","background-position":"center center","background-size":"auto","background-attachment":"scroll","background-type":"","background-media":"","overlay-type":"","overlay-color":"","overlay-opacity":"","overlay-gradient":""},"tablet":{"background-color":"var(--ast-global-color-5)","background-image":"","background-repeat":"repeat","background-position":"center center","background-size":"auto","background-attachment":"scroll","background-type":"","background-media":"","overlay-type":"","overlay-color":"","overlay-opacity":"","overlay-gradient":""},"mobile":{"background-color":"var(--ast-global-color-5)","background-image":"","background-repeat":"repeat","background-position":"center center","background-size":"auto","background-attachment":"scroll","background-type":"","background-media":"","overlay-type":"","overlay-color":"","overlay-opacity":"","overlay-gradient":""}}},"etiquetas":[5259,5260,5317,5352,5372,5490],"categorias":[4259,4260],"class_list":["post-19181","actualidad","type-actualidad","status-publish","has-post-thumbnail","hentry","etiquetas-aliments","etiquetas-aliments-de-temporada","etiquetas-dieta-tardor","etiquetas-fruits-secs","etiquetas-km-0-ca","etiquetas-verdures-de-tardor","categorias-blog","categorias-blog-ca"],"_links":{"self":[{"href":"https:\/\/www.oliveradatenea.com\/ca\/wp-json\/wp\/v2\/actualidad\/19181","targetHints":{"allow":["GET"]}}],"collection":[{"href":"https:\/\/www.oliveradatenea.com\/ca\/wp-json\/wp\/v2\/actualidad"}],"about":[{"href":"https:\/\/www.oliveradatenea.com\/ca\/wp-json\/wp\/v2\/types\/actualidad"}],"wp:featuredmedia":[{"embeddable":true,"href":"https:\/\/www.oliveradatenea.com\/ca\/wp-json\/wp\/v2\/media\/27222"}],"wp:attachment":[{"href":"https:\/\/www.oliveradatenea.com\/ca\/wp-json\/wp\/v2\/media?parent=19181"}],"wp:term":[{"taxonomy":"etiquetas","embeddable":true,"href":"https:\/\/www.oliveradatenea.com\/ca\/wp-json\/wp\/v2\/etiquetas?post=19181"},{"taxonomy":"categorias","embeddable":true,"href":"https:\/\/www.oliveradatenea.com\/ca\/wp-json\/wp\/v2\/categorias?post=19181"}],"curies":[{"name":"wp","href":"https:\/\/api.w.org\/{rel}","templated":true}]}}